{"id":4451,"date":"2022-02-08T15:48:39","date_gmt":"2022-02-08T14:48:39","guid":{"rendered":"https:\/\/vecchioni.org\/?p=4451"},"modified":"2022-02-08T15:49:51","modified_gmt":"2022-02-08T14:49:51","slug":"la-contemporaneita-dellantico-secondo-roberto-vecchioni","status":"publish","type":"post","link":"https:\/\/vecchioni.org\/index.php\/2022\/02\/08\/la-contemporaneita-dellantico-secondo-roberto-vecchioni\/","title":{"rendered":"La contemporaneit\u00e0 dell&#8217;antico secondo Roberto Vecchioni"},"content":{"rendered":"<p>[vc_row][vc_column][vc_column_text]<\/p>\n<div dir=\"auto\">\n<p>&#8220;Forme della contemporaneit\u00e0\u00a0dell&#8217;antico&#8221; \u00e8 il nome del corso che Roberto Vecchioni terr\u00e0 nel nostro Ateneo\u00a0nell&#8217;ambito dell&#8217;iniziativa IULM for the City.<\/p>\n<p>Nel 2019<strong>\u00a0Roberto Vecchioni\u00a0<\/strong>venne insignito dalla IULM del\u00a0<strong>diploma honoris causa del Master in Arti\u00a0del racconto<\/strong>. Oggi il professore e cantautore &#8211; che ha scritto brani indimenticabili come &#8220;Luci a San\u00a0Siro&#8221;, &#8220;Samarcanda&#8221;, &#8220;A te&#8221;, ma che ha anche pubblicato libri dai titoli evocativi quali\u00a0<em>Il mercante di luce\u00a0<\/em>o il recente\u00a0<em>Lezioni\u00a0di volo e di atterraggio\u00a0&#8211;<\/em>, torna nel nostro Ateneo come docente di un corso parte di\u00a0<strong><a href=\"https:\/\/www.iulm.it\/it\/news-ed-eventi\/news\/iulm-for-the-city-2022\">IULM\u00a0for the City<\/a><\/strong>, che apre le lezioni, tenute da docenti illustri, alla cittadinanza intera.<\/p>\n<p>A partire dal 10 febbraio, ogni gioved\u00ec dalle 16 .30 alle 18.00, Vecchioni terr\u00e0 un corso denominato\u00a0&#8220;Forme della contemporaneit\u00e0\u00a0dell&#8217;antico&#8221; che avr\u00e0 il suo contraltare\u00a0in quello tenuto dalla\u00a0<strong>Stefania Mancuso<\/strong>,\u00a0docente di Archeologia classica e didattica del parco e del museo,\u00a0 che porta il titolo &#8220;Espressioni materiali dell&#8217;Antico&#8221;.\u00a0Dal Mediterraneo alla nascita del linguaggio, dal rapporto tra citt\u00e0 e democrazia alla\u00a0nascita del mito, dal teatro alla relazione tra poesia e musica, si snoder\u00e0 un percorso\u00a0che parte dall\u2019archeologia, espressione materiale dell\u2019antico, per approdare alla\u00a0letteratura, alla poesia, alla musica, con\u00a0<strong>l\u2019obiettivo di mostrare quanto l\u2019antico\u00a0contribuisca alla creazione dell\u2019immaginario collettivo contemporaneo.<\/strong>\u00a0La\u00a0riscoperta dell\u2019antico, intesa non solo come opportunit\u00e0 di nuova creazione\u00a0culturale, nuove interpretazioni e occasioni per indagare l\u2019uomo, ma anche come\u00a0strumento per formare profili professionali altamente qualificati.<\/p>\n<p>Il\u00a0<strong>Rettore Prof. Gianni Canova<\/strong>\u00a0descrive con queste parole l&#8217;apporto del Prof. Vecchioni e il suo corso:\u00a0\u201cVecchioni non ha\u00a0mai rinunciato a entrare in aula ogni giorno, mosso da una passione che ha fatto di lui un insegnante nel senso pi\u00f9 pieno del termine: uno di quelli che<br \/>\nin-segnano, che lasciano tracce, che portano il fuoco. Questo insegnamento all&#8217;Universit\u00e0 IULM, aperto non solo agli studenti iscritti ma a tutti i cittadini interessati sar\u00e0 un momento esemplare di riconnessione fra il passato da cui tutti proveniamo e il presente in cui ci \u00e8 dato di\u00a0vivere&#8221;.<\/p>\n<p>Per iscriversi alle lezioni del corso &#8220;Forme della contemporaneit\u00e0\u00a0dell&#8217;antico&#8221; e alle altre lezioni del ciclo di IULM\u00a0for the City \u00e8 obbligatorio compilare\u00a0<a href=\"https:\/\/survey.alchemer.eu\/s3\/90423898\/Eventi-IULM\" target=\"_blank\" rel=\"noopener\">questo\u00a0<strong>form<\/strong><\/a>. I posti in aula sono limitati. Sar\u00e0 possibile seguire le lezioni anche online\u00a0(il link al quale collegarsi sar\u00e0 pubblicato a breve).<\/p>\n<p>Gli studenti IULM possono accedere in aula solo con Green Pass base.<br \/>\nI cittadini potranno accedere in aula solo con Green Pass Rafforzato.<\/p>\n<p>&nbsp;<\/p>\n<p>&nbsp;<\/p>\n<\/div>\n<p>[\/vc_column_text][vc_empty_space height=&#8221;30px&#8221;][vc_column_text]<\/p>\n","protected":false},"excerpt":{"rendered":"<p>&#8220;Forme della contemporaneit\u00e0\u00a0dell&#8217;antico&#8221; \u00e8 il nome del corso che Roberto Vecchioni terr\u00e0 nel nostro Ateneo\u00a0nell&#8217;ambito dell&#8217;iniziativa IULM for the City.<\/p>\n","protected":false},"author":1,"featured_media":4453,"comment_status":"open","ping_status":"open","sticky":false,"template":"","format":"standard","meta":[],"categories":[1],"tags":[259],"_links":{"self":[{"href":"https:\/\/vecchioni.org\/index.php\/wp-json\/wp\/v2\/posts\/4451"}],"collection":[{"href":"https:\/\/vecchioni.org\/index.php\/wp-json\/wp\/v2\/posts"}],"about":[{"href":"https:\/\/vecchioni.org\/index.php\/wp-json\/wp\/v2\/types\/post"}],"author":[{"embeddable":true,"href":"https:\/\/vecchioni.org\/index.php\/wp-json\/wp\/v2\/users\/1"}],"replies":[{"embeddable":true,"href":"https:\/\/vecchioni.org\/index.php\/wp-json\/wp\/v2\/comments?post=4451"}],"version-history":[{"count":1,"href":"https:\/\/vecchioni.org\/index.php\/wp-json\/wp\/v2\/posts\/4451\/revisions"}],"predecessor-version":[{"id":4452,"href":"https:\/\/vecchioni.org\/index.php\/wp-json\/wp\/v2\/posts\/4451\/revisions\/4452"}],"wp:featuredmedia":[{"embeddable":true,"href":"https:\/\/vecchioni.org\/index.php\/wp-json\/wp\/v2\/media\/4453"}],"wp:attachment":[{"href":"https:\/\/vecchioni.org\/index.php\/wp-json\/wp\/v2\/media?parent=4451"}],"wp:term":[{"taxonomy":"category","embeddable":true,"href":"https:\/\/vecchioni.org\/index.php\/wp-json\/wp\/v2\/categories?post=4451"},{"taxonomy":"post_tag","embeddable":true,"href":"https:\/\/vecchioni.org\/index.php\/wp-json\/wp\/v2\/tags?post=4451"}],"curies":[{"name":"wp","href":"https:\/\/api.w.org\/{rel}","templated":true}]}}